{"id":223,"date":"2017-02-15T15:53:31","date_gmt":"2017-02-15T14:53:31","guid":{"rendered":"https:\/\/solarev.org\/be-aware\/?p=223"},"modified":"2018-12-15T19:01:03","modified_gmt":"2018-12-15T18:01:03","slug":"die-kehrseiten-des-wohlstandes","status":"publish","type":"post","link":"https:\/\/solarev.org\/be-aware\/en\/2017\/02\/15\/die-kehrseiten-des-wohlstandes\/","title":{"rendered":"Die Kehrseiten des Wohlstandes &#8211; was hat unser Lebensstil mit Flucht und Migration zu tun?"},"content":{"rendered":"<p><img loading=\"lazy\" decoding=\"async\" class=\"aligncenter size-full wp-image-224\" src=\"https:\/\/solarev.org\/be-aware\/wp-content\/uploads\/sites\/9\/2017\/02\/fluchtursachen.jpg\" alt=\"Fluchtursachen\" width=\"780\" height=\"385\" srcset=\"https:\/\/solarev.org\/be-aware\/wp-content\/uploads\/sites\/9\/2017\/02\/fluchtursachen.jpg 780w, https:\/\/solarev.org\/be-aware\/wp-content\/uploads\/sites\/9\/2017\/02\/fluchtursachen-300x148.jpg 300w, https:\/\/solarev.org\/be-aware\/wp-content\/uploads\/sites\/9\/2017\/02\/fluchtursachen-768x379.jpg 768w, https:\/\/solarev.org\/be-aware\/wp-content\/uploads\/sites\/9\/2017\/02\/fluchtursachen-425x210.jpg 425w\" sizes=\"auto, (max-width: 780px) 100vw, 780px\" \/><\/p>\n<p>Was hat unser Lebensstil mit dem aktuellen Migrationsgeschehen zu tun? Unsere Kleidung, unser Essen, das Handy &#8211; wo kommen sie her, wer produziert sie und welcher Preis wird daf\u00fcr bezahlt? Wir haben ein paar Materialien zusammengestellt, die das beleuchten, was in der teils hitzigen Debatte um Einwanderung meist unthematisiert bleibt: dass die reichen Industrienationen &#8211; seit dem Kolonialismus &#8211; die Ursachen f\u00fcr Flucht und Migration auch selbst schaffen. Es geht uns dabei nicht nur um eine Analyse der Verantwortlichkeiten, sondern auch darum zu fragen, was wir konkret f\u00fcr eine gerechtere Welt tun k\u00f6nnen.<\/p>\n<h2>Seminarabl\u00e4ufe<\/h2>\n<ul>\n<li>Hier der Seminarablauf f\u00fcr ein\u00a0<a href=\"https:\/\/solarev.org\/be-aware\/wp-content\/uploads\/sites\/9\/2017\/02\/ProgrammKehrseitenpotsdam.pdf\">Programm<\/a> am Beispiel des Seminars in Potsdam am 22.\/23.9.2018.<\/li>\n<li>Und hier ein <a href=\"https:\/\/solarev.org\/be-aware\/wp-content\/uploads\/sites\/9\/2017\/02\/ZeitplanKehrseitenTagesseminar.pdf\">Beispielablaufplan<\/a> f\u00fcr ein eint\u00e4giges Seminar.<\/li>\n<\/ul>\n<h2>Methoden aus den Seminaren<\/h2>\n<ul>\n<li>Zur Einleitung: Flucht ein Quiz (<a href=\"https:\/\/solarev.org\/be-aware\/wp-content\/uploads\/sites\/9\/2017\/02\/Pr\u00e4sentation-QuizPotsdam-22.-23.09.pptx\">Pr\u00e4sentationQuiz<\/a> download)<\/li>\n<li>Refugee Chair Methode download bei <a href=\"http:\/\/baustein.dgb-bwt.de\/C8\/RefugeeChair.html\">&#8220;Baustein zur nicht-rassistischen Bildungsarbeit&#8221;<\/a><\/li>\n<li>Mystery Story <a href=\"https:\/\/solarev.org\/be-aware\/wp-content\/uploads\/sites\/9\/2017\/02\/MysteryStorieUrlaub.pdf\">&#8220;Ein ganz normaler Urlaub im globalen Zusammenhang&#8221;<\/a><\/li>\n<\/ul>\n<h2>Zahlen, Fakten und Argumentationshilfen<\/h2>\n<ul>\n<li>Reader \u201cpro menschenrechte. contra vorurteile. Fakten und Argumente zur Debatte \u00fcber Fl\u00fcchtlinge in Deutschland und Europa\u201d herausgegeben von der Amadeo-Antonio-Stiftung, Pro Asyl und dem IGMetall Vorstand, 2. aktual. Auflage, September 2015 hier als PDF zum <a title=\"Download\" href=\"https:\/\/www.proasyl.de\/thema\/rassismus\/fakten-gegen-vorurteile\/\" target=\"_blank\" rel=\"noopener noreferrer\">Download<\/a> vom der Pro-Asyl-Webseite<\/li>\n<li>Brosch\u00fcre der Rosa-Luxemburg-Stiftung: <a href=\"http:\/\/www.rosalux.de\/fileadmin\/rls_uploads\/pdfs\/Argumente\/lux_argu_Fluechtlinge.pdf\" target=\"_blank\" rel=\"noopener noreferrer\">&#8220;Fl\u00fcchtlinge willkommen. Mythen und Fakten zur Migrations- und Fl\u00fcchtlingspolitik&#8221;<\/a>, aus der Reihe &#8220;luxemburg argumente&#8221;, 3. vollst. \u00fcberarb. Auflage, Stand: 2016<\/li>\n<li>Pr\u00e4sentation <a href=\"http:\/\/www.tagesschau.de\/multimedia\/animation\/fluechtlinge-865.html\" target=\"_blank\" rel=\"noopener noreferrer\">\u201cFl\u00fcchtlinge \u2013 Daten und Fakten\u201d<\/a><\/li>\n<li>UNHCR: Zahlen und Statistiken, <a href=\"http:\/\/www.unhcr.de\/service\/zahlen-und-statistiken.html\" target=\"_blank\" rel=\"noopener noreferrer\">Global Trend Reports<\/a><\/li>\n<li>UNHCR: <a href=\"http:\/\/www.unhcr.de\/fileadmin\/user_upload\/UNHCR_Bildungsmaterial_Flucht-und-Asyl.pdf\" target=\"_blank\" rel=\"noopener noreferrer\">\u201eFlucht und Asyl. Informations- und Unterrichtsmaterialien f\u00fcr Schule, Studium und Fortbildung\u201c<\/a>, Stand: Juni 2015<\/li>\n<li>Unsere Power Point Pr\u00e4sentation <a href=\"https:\/\/solarev.org\/be-aware\/wp-content\/uploads\/sites\/9\/2017\/02\/fluchtgr\u00fcndeundzahlen.pdf\">&#8220;Fluchtursachen in Zahlen&#8221;<\/a><\/li>\n<li>Felix Braunsdorf (HG.): <a href=\"http:\/\/library.fes.de\/pdf-files\/iez\/12983-20161207.pdf\">Fluchtursachen \u00bbMade in Europe\u00ab<\/a>, \u00dcber europ\u00e4ische Politik und ihren Zusammenhang mit Migration und Flucht<\/li>\n<\/ul>\n<p>&nbsp;<\/p>\n<h2>Materialien zu den Themen der Kleingruppenarbeiten<\/h2>\n<h3>Thema <a href=\"https:\/\/de.wikipedia.org\/wiki\/Land_Grabbing\">&#8220;Land Grabbing&#8221;<\/a><\/h3>\n<ul>\n<li>Zahlen, Statistiken und Hintergr\u00fcnde von Landgrabbing verdeutlicht sehr gut das interaktive Webprojekt <a href=\"http:\/\/landmatrix.org\/en\/\" target=\"_blank\" rel=\"noopener noreferrer\">landmatrix.org<\/a>.<\/li>\n<li>Inkota-Dossier Nr. 7 &#8220;Die neue Landnahme&#8221; als PDF zum<a href=\"https:\/\/inkota.de\/fileadmin\/user_upload\/Material\/inkota_dossier\/7\/INKOTA-Dossier_7_Die_neue_Landnahme.pdf\"> Download <\/a>von der Inkota-Website<\/li>\n<li>Filmbesprechung &#8220;Landraub&#8221; im ARD-Magazin ttt <a href=\"https:\/\/www.youtube.com\/watch?v=I4RfDn2Y9nw\" target=\"_blank\" rel=\"noopener noreferrer\">zum Anschauen<\/a>.<\/li>\n<li>Die <a href=\"http:\/\/www.landraub.com\/HOME\/\" target=\"_blank\" rel=\"noopener noreferrer\">Doku &#8220;Landraub&#8221;<\/a> von Kurt Langbein in voller L\u00e4nge (1:30h) auf <a href=\"https:\/\/www.youtube.com\/watch?v=EQd61b_nmIA\" target=\"_blank\" rel=\"noopener noreferrer\">youtube<\/a><\/li>\n<\/ul>\n<h3>Thema &#8220;Waffenexporte&#8221;<\/h3>\n<ul>\n<li>Der Spiegel <a href=\"http:\/\/www.spiegel.de\/wirtschaft\/waffen-datenanalyse-zum-globalen-handel-a-1017287.html\">&#8220;Weltkarte der Waffenexporte&#8221;<\/a><\/li>\n<li>Julia Gurol (u.a.): Die Risiken europ\u00e4ischer Waffenexporte, in: Felix Braunsdorf (Hg.): <a href=\"http:\/\/library.fes.de\/pdf-files\/iez\/12983-20161207.pdf\" target=\"_blank\" rel=\"noopener noreferrer\">Fluchtursachen &#8216;Made in Europe&#8217;<\/a>. \u00dcber europ\u00e4ische Politik und ihren Zusammenhang mit Migration und Flucht (2016), der Reader zum Download bei der Friedrich-Ebert-Stiftung<\/li>\n<li>Ingar Solty: Imperialer Realismus? Die neue Offensivausrichtung der deutschen Au\u00dfenpolitik, in: <a href=\"https:\/\/www.rosalux.de\/fileadmin\/rls_uploads\/pdfs\/Studien\/Studie_05-2016_Exportweltmeister.pdf\" target=\"_blank\" rel=\"noopener noreferrer\">Exportweltmeister in Fluchtursachen<\/a> (2016), die Studie zum Download bei der Rosa-Luxemburg-Stiftung<\/li>\n<li>ARD Dokumentation <a href=\"https:\/\/www.youtube.com\/watch?v=p6KwC0x-TRs\" target=\"_blank\" rel=\"noopener noreferrer\">&#8220;Die Story: Waffen f\u00fcr die Welt &#8211; Export au\u00dfer Kontrolle&#8221;<\/a> bei youtube<\/li>\n<li>ARD Dokumentation <a href=\"https:\/\/www.youtube.com\/watch?v=eg5zrJXMltU\">&#8220;Akte D: Das Comeback der R\u00fcstungsindustrie&#8221;<\/a> bei youtube<\/li>\n<li>Ausschnitt <a href=\"https:\/\/www.youtube.com\/watch?v=lesMwYm8SOk\">&#8220;Die Anstalt&#8221;<\/a> vom 27.3.2018 (politische Kabarettsendung vom ZDF)<\/li>\n<li>Zum Krieg in Libyen auf <a href=\"http:\/\/www.bpb.de\/internationales\/weltweit\/innerstaatliche-konflikte\/54649\/libyen\">BpB<\/a><\/li>\n<li>Urgewald Studie <a href=\"https:\/\/urgewald.org\/waffen-meiner-bank\">&#8220;Die Waffen meiner Bank&#8221;<\/a><\/li>\n<\/ul>\n<h3>Thema &#8220;Situation der Roma in Balkanl\u00e4ndern&#8221;<\/h3>\n<ul>\n<li>S\u00fcddeutsche Zeitung vom 22.7.2015: <a href=\"http:\/\/www.sueddeutsche.de\/politik\/balkan-harte-heimat-1.2575597\">&#8220;Arm, vertrieben, ausgegrenzt&#8221;<\/a><\/li>\n<li><a href=\"https:\/\/www.rosalux.de\/fileadmin\/rls_uploads\/pdfs\/sonst_publikationen\/RLS-safe_for_new_2-FIN-295U-DE.pdf\">&#8220;Von wegen sicher. Das Konzept der sicheren Herkunftsstaaten in der Kritik&#8221;<\/a>, hrgs. von der Rosa-Luxemburg Stiftung S\u00fcdosteuropa (Nov. 2016), speziell zur Lage der Sinti udn Roma in den Balkanstaaten<\/li>\n<li>Videoclip BR <a href=\"https:\/\/blog.br.de\/studio-wien\/2015\/08\/21\/roma-in-serbien-zwischen-diskriminierung-und-elend\/\">&#8220;Roma in Serbien &#8211; Zwischen Diskriminierung und Elend&#8221;<\/a><\/li>\n<\/ul>\n<h3>Thema &#8220;Menschenrechtsverletzungen f\u00fcr \u00d6l&#8221;<\/h3>\n<ul>\n<li><a href=\"http:\/\/www.inkota.de\/material\/suedlink-inkota-brief\/175-flucht-und-migration\/donatus\/\" target=\"_blank\" rel=\"noopener noreferrer\">\u201e\u00d6kozid im Nigerdelta. Westliche Rohstoffpolitik ist in Nigeria eine Ursache f\u00fcr Flucht und Migration\u201c<\/a>, in: S\u00fcdlink 175 (M\u00e4rz 2016): Flucht und Migration &#8211; Afrikanische Perspektiven<\/li>\n<li>Deutsche Welle: <a href=\"http:\/\/www.dw.com\/de\/shell-entsch%C3%A4digt-%C3%B6lpest-opfer-in-nigeria\/a-18175258\">&#8220;Shell entsch\u00e4digt \u00d6lpest-Opfer in Nigeria&#8221;<\/a><\/li>\n<li>Deutsche Welle: <a href=\"http:\/\/www.dw.com\/de\/ein-paar-liter-von-nigerias-%C3%B6l-reichtum\/a-16251170\">&#8220;Ein paar Liter von Nigerias \u00d6l-Reichtum&#8221;<\/a> mit Audio-Beitrag<\/li>\n<\/ul>\n<h3>Thema &#8220;Klimawandel&#8221;<\/h3>\n<ul>\n<li>arte TV <a href=\"https:\/\/www.youtube.com\/watch?v=Ljdjw9tksBM\">&#8220;Mit offenen Karten: Klimafl\u00fcchtlinge&#8221;<\/a> auf youtube<\/li>\n<li>Thomas Hirsch: Klimabedingte Migration und europ\u00e4ische Verantwortung, in: <a href=\"http:\/\/library.fes.de\/pdf-files\/iez\/12983-20161207.pdf\" target=\"_blank\" rel=\"noopener noreferrer\">Fluchtursachen &#8216;Made in Europe&#8217;<\/a> (2016), zum Download bei der Friedrich-Ebert-Stiftung<\/li>\n<li>greenpeace Studie <a href=\"https:\/\/www.greenpeace.de\/themen\/klimawandel\/folgen-des-klimawandels\/studie-klimafluechtlinge-die-verleugnete-katastrophe\">&#8220;Klimafl\u00fcchtlinge: Die verleugnete Katastrophe&#8221;<\/a><\/li>\n<li>internal discplacement monitoring centre<a href=\"https:\/\/www.google.de\/url?sa=t&amp;rct=j&amp;q=&amp;esrc=s&amp;source=web&amp;cd=1&amp;cad=rja&amp;uact=8&amp;ved=0CB4QFjAAahUKEwiS_bP1__HIAhUCHA8KHZPRC9s&amp;url=http%3A%2F%2Fwww.internal-displacement.org%2Fassets%2Flibrary%2FMedia%2F201507-globalEstimates-2015%2F20150713-global-estimates-2015-en-v1.pdf&amp;usg=AFQjCNEd4Lh8uL_YZ5HY2J6iq9fm1pXTFQ\"> &#8220;Global Estimates 2015&#8221;<\/a><\/li>\n<li>Kurzfilm<a href=\"http:\/\/www.bpb.de\/mediathek\/203987\/gott-ist-regen\"> &#8220;Gott ist Regen&#8221;<\/a> \u00fcber die Region Turkanasee in Kenia<\/li>\n<li>Human Rights Watch <a href=\"https:\/\/www.hrw.org\/de\/news\/2015\/10\/14\/kenia-klimawandel-gefahrdet-menschenrechte\">&#8220;Kenia: Klimawandel gef\u00e4hrdet Menschenrechte&#8221;<\/a><\/li>\n<\/ul>\n<h3>Thema &#8220;Rohstoffabbau und -handel&#8221;<\/h3>\n<ul>\n<li>Inkota-Dossier Nr. 16 &#8220;Ressourcengerechtigkeit &#8211; Auf der Suche nach einer anderen Rohstoffpolitik&#8221;: Artikel <a href=\"http:\/\/www.inkota.de\/material\/suedlink-inkota-brief\/173-ressourcengerechtigkeit\/schurath\/\">&#8220;Die grosse Gier&#8221;<\/a> von der Inkota-Website<\/li>\n<li>Video aus ARD Magazin &#8220;Weltspiegel&#8221;: <a href=\"http:\/\/www.daserste.de\/information\/politik-weltgeschehen\/weltspiegel\/videos\/indonesien-der-fluch-der-schatzinsel-100.html\">Indonesien der Fluch der Schatzinsel<\/a><\/li>\n<li>Infographik \u201eDie Reise eines Smartphones\u201c zum <a href=\"http:\/\/www2.weed-online.org\/uploads\/karte_diereiseeinessmpartphone.pdf\" target=\"_blank\" rel=\"noopener noreferrer\">Download<\/a> (10 MB!) bei weed-online.org<\/li>\n<li>Online Spiel <a href=\"http:\/\/www.handycrash.org\/\" target=\"_blank\" rel=\"noopener noreferrer\">\u201eHandy-Chash. Die miesen Bedingungen in der globalen Handyindustrie\u201c<\/a>, entwickelt von Germanwatch e.V. und SODI \u2013 Solidarit\u00e4tsdienst International e.V.<\/li>\n<li><a href=\"https:\/\/suedwind-institut.de\/files\/Suedwind\/Publikationen\/2015\/2015-31%20PPP%20Kautschuk%20Traenen%20des%20Baumes.pdf\">Die \u201eTr\u00e4nen des Baumes\u201c als Wirtschaftsgut<\/a> &#8211; Arbeitsbedingungen im Kautschuksektor <em>bei s\u00fcdwind<\/em><\/li>\n<li>Doku<a href=\"https:\/\/www.youtube.com\/watch?v=UIr6AqAwKkU\"> &#8220;Vergiftete Geschenke &#8211; Wie die Afrika in die Armut treibt&#8221;<\/a><\/li>\n<li><a href=\"https:\/\/www.2030report.de\/de\/bericht\/1400\/kapitel\/2-billige-nahrungsmittel-und-ihre-folgen\">Billige Nahrungsmittel und ihre Folgen<\/a>: Die EU-Exportstrategie \u2013 Das Beispiel Milch und die Auswirkungen auf die Weidetierhalter in Burkina Faso<\/li>\n<li>makro &#8211; <a href=\"https:\/\/www.youtube.com\/watch?v=s-c2yGSf8xc\">100 Prozent Baumwolle<\/a> &#8211; Afrikas Kindersklaven (Doku)<\/li>\n<li><a href=\"https:\/\/www.daserste.de\/information\/reportage-dokumentation\/dokus\/videos\/milliarden-deals-rohstoffkonzerne-video-100.html\">Video<\/a>: Paradise Papers: Geheime Gesch\u00e4fte &#8211; Die Milliarden-Deals der Rohstoffkonzerne (ARD, 05.11.17 | 45:05 Min.)<\/li>\n<li><a href=\"https:\/\/www.daserste.de\/information\/politik-weltgeschehen\/weltspiegel\/videos\/kongo-das-schwarze-gold-fuer-handys-102.html\">Video<\/a>: Kongo: Das schwarze Gold f\u00fcr Handys (ARD, 04.12.16 | 07:38 Min.)<\/li>\n<li>Kohleimporte: &#8220;Kohle-Bergbau in Kolumbien \u2013 zu welchem Preis?&#8221; auf <a href=\"https:\/\/blog.misereor.de\/2017\/04\/05\/kohlebergbau-in-kolumbien\/\">Misereor blog<\/a><\/li>\n<li><a href=\"https:\/\/www.youtube.com\/watch?v=t7tpgATYkNQ\">Doku<\/a>: B\u00f6se Mine &#8211; gutes Geld Das schmutzige Gesch\u00e4ft mit der Kohle<\/li>\n<\/ul>\n<h3>Thema &#8220;Bekleidungsindustrie&#8221;<\/h3>\n<ul>\n<li>Video aus dem ZDF-Magazin &#8220;37\u00b0&#8221;: <a href=\"http:\/\/www.zdf.de\/37-grad\/gesichter-der-armut-arbeiten-in-der-textilindustrie-in-bangladesch-40215424.html\"><span id=\"\" class=\"beitragTitel\">Gesichter der Armut &#8211; <\/span>Leben mit ein paar Cent<\/a><\/li>\n<li>Video<a href=\"http:\/\/www.saubere-kleidung.de\/index.php\/kampagnen-a-themen\/living-wage\/428-das-reine-elend-arbeiterinnen-in-der-modeindustrie-bulgariens-und-der-tuerkei\"> &#8220;Das reine Elend. Arbeiterinnen in der Modeindustrie in Bulgariens und der T\u00fcrkei&#8221;<\/a><\/li>\n<li>Video und Materialien: <a href=\"http:\/\/www.sachsen-kauft-fair.de\/recherchen-und-studien\/made-in-europe\">&#8220;MADE IN EUROPE \u2013 Arbeiterinnen in der Berufsbekleidungsbranche der Republik Mazedonien&#8221; <\/a><\/li>\n<li>Doku \u201eEinmal um die halbe Welt\u201c \u00fcber phillippinische Wanderarbeiterinnen in Rum\u00e4nien (ca. 60 Min.) auf <a href=\"http:\/\/de.labournet.tv\/video\/6743\/einmal-um-die-halbe-welt\" target=\"_blank\" rel=\"noopener noreferrer\">labounet.tv<\/a><\/li>\n<li><a href=\"http:\/\/www.cleanclothes.org\/\" target=\"_blank\" rel=\"noopener noreferrer\">Clean Clothes Campaign\u00a0<\/a><\/li>\n<\/ul>\n<h3>Thema &#8220;Fleischkonsum&#8221;<\/h3>\n<ul>\n<li>Video <a href=\"https:\/\/www.youtube.com\/watch?v=AD_4KRz0WQA\">&#8221; Vergiftetes Land&#8221;<\/a><\/li>\n<li>Der &#8220;Fleischatlas 2014. Daten und Fakten \u00fcber Tiere als Nahrungsmittel&#8221; zum <a href=\"https:\/\/www.bund.net\/service\/publikationen\/publication-search\/Fleischatlas\/\" target=\"_blank\" rel=\"noopener noreferrer\">Download<\/a><\/li>\n<li>Die Fleischatlas App f\u00fcr <a href=\"https:\/\/play.google.com\/store\/apps\/details?id=de.boell.fleischatlas\">Android<\/a> und <a href=\"https:\/\/itunes.apple.com\/de\/app\/fleischatlas\/id785430981?mt=8\">IPhone<\/a>.<\/li>\n<li>Video: <a href=\"https:\/\/www.youtube.com\/watch?v=aiGkpHBtr4U\" target=\"_blank\" rel=\"noopener noreferrer\">Weltspiegel-Reportage \u00fcber Argentinien<\/a>: \u201eWo Soja-Plantagen die Menschen krank machen\u201c (7:30 Min.) auf youtube<\/li>\n<li>Video: <a href=\"https:\/\/www.youtube.com\/watch?v=AD_4KRz0WQA\" target=\"_blank\" rel=\"noopener noreferrer\">\u201eVergiftetes land \u2013 Die Folgen des Soja-Anbaus\u201c<\/a> auf youtube (ca. 12 Min.)<\/li>\n<\/ul>\n<h3>Thema &#8220;Schokolade&#8221;<\/h3>\n<ul>\n<li>Materialien und Publikationen der INKOTA-Kampagne <a href=\"https:\/\/de.makechocolatefair.org\/material-0\" target=\"_blank\" rel=\"noopener noreferrer\">&#8220;Make Chocolate Fair!&#8221;<\/a>, darunter auch das Infoblatt <a href=\"https:\/\/de.makechocolatefair.org\/sites\/makechocolatefair.org\/files\/infoblatt_1_die_bittere_wahrheit_ueber_schokolade_make_chocolate_fair_2016.pdf\" target=\"_blank\" rel=\"noopener noreferrer\">&#8220;Die bittere Wahrheit \u00fcber Schokolade&#8221;<\/a><\/li>\n<li><a href=\"https:\/\/www.youtube.com\/watch?v=WmbSMyL8HY8\" target=\"_blank\" rel=\"noopener noreferrer\">ARD-Mittagsmagazin<\/a>: &#8220;Schokolade &#8211; Kinderarbeit immer dabei&#8221; auf youtube<\/li>\n<li><a href=\"https:\/\/www.youtube.com\/watch?v=SgZhiooAkg8\" target=\"_blank\" rel=\"noopener noreferrer\">Doku &#8220;Schmutzige Schokolade&#8221;<\/a> von Miki Mistrati (45 Min.) auf youtube<\/li>\n<\/ul>\n<p>&nbsp;<\/p>\n<h2>Kolonialismus &#8211; alte Kamellen?<\/h2>\n<p>Mit der folgenden Bilderzusammenstellung wollen wir verdeutlichen, wie stark Kolonialismus und Rassismus unsere Geschichte, unser Ged\u00e4chtnis und unsere Gegenwart pr\u00e4gen.<\/p>\n<h3>Koloniales Erbe<\/h3>\n<ul>\n<li><a href=\"https:\/\/de.wikipedia.org\/wiki\/Kongokonferenz#\/media\/File:Kongokonferenz.jpg\" target=\"_blank\" rel=\"noopener noreferrer\">Berliner Afrika-Konferenz<\/a> (1884\/85), einiger Hintergrundinfos dazu u.a. im INKOTA-Dossier (2009): Der Kolonialismus und seine Folgen. 125 Jahre nach der Berliner Afrika-Konferenz zum <a href=\"https:\/\/www.inkota.de\/uploads\/tx_ttproducts\/datasheet\/inkota-brief-149_INKOTA_kolonialismus-und-seine-folgen.pdf\" target=\"_blank\" rel=\"noopener noreferrer\">Download<\/a> auf der INKOTA-Webseite<\/li>\n<li><a href=\"https:\/\/de.wikipedia.org\/wiki\/Liste_der_deutschen_Kolonialbahnen#\/media\/File:Wirtschafts-Atlas_der_deutschen_Kolonien_-_13.jpg\" target=\"_blank\" rel=\"noopener noreferrer\">Kolonialeisenbahnen in Afrika<\/a><\/li>\n<li><a href=\"http:\/\/www.unique-online.de\/wp-content\/hagenbeck_volkerschau.jpg\" target=\"_blank\" rel=\"noopener noreferrer\">Tradition der V\u00f6lkerschauen <\/a>(Carl Hagenbeck) und Kontinuit\u00e4ten (&#8220;Afrikanisches Dorf&#8221; im Augsburger Zoo), Beitr\u00e4ge hierzu von <a href=\"http:\/\/www.freiburg-postkolonial.de\/Seiten\/rez-dreesbach-2005.htm\" target=\"_blank\" rel=\"noopener noreferrer\">freiburg postkolonial<\/a> und der <a href=\"http:\/\/www.mangoes-and-bullets.org\/briefwechsel-im-zusammenhang-mit-dem-african-village-im-augsburger-zoo-2005\/\" target=\"_blank\" rel=\"noopener noreferrer\">Initiative Schwarzer Menschen in Deutschland<\/a><\/li>\n<li><a href=\"http:\/\/www.bnmsp.de\/home\/e.huber\/schulmuseum\/afrikaner\/\" target=\"_blank\" rel=\"noopener noreferrer\">Afrika in zeitgen\u00f6ssischen Kinderb\u00fcchern<\/a><\/li>\n<li><a href=\"https:\/\/de.wikipedia.org\/wiki\/Kaffeebohne#\/media\/File:Roasted_coffee_beans.jpg\" target=\"_blank\" rel=\"noopener noreferrer\">Kolonialprodukt Kaffee<\/a><\/li>\n<li>Raubkunst &#8211; <a href=\"http:\/\/www.africavenir.org\/de\/projekte\/projekte-deutschland\/dekoloniale-einwaende-gegen-das-humboldt-forum.html\" target=\"_blank\" rel=\"noopener noreferrer\">Posterkampagne<\/a> von &#8220;No Humboldt 21!&#8221;<\/li>\n<\/ul>\n<h3>Orte und Aktivismus<\/h3>\n<ul>\n<li>Koloniales &#8220;<a href=\"http:\/\/www.afrika-hamburg.de\/tanzaniapark.html\" target=\"_blank\" rel=\"noopener noreferrer\">Schutztruppen-Ehrenmal<\/a>&#8221; in Hamburg-Jenfeld (Askari-Reliefs) und der Gegenentwurf <a href=\"http:\/\/www.afrika-hamburg.de\/parkd.k.html\" target=\"_blank\" rel=\"noopener noreferrer\">&#8220;Park Postkolonial&#8221;<\/a><\/li>\n<li>Proteste gegen das Humboldtforum\/Stadtschloss in Berlin, <a href=\"http:\/\/www.no-humboldt21.de\/nichtfest-fuer-das-berliner-schloss-humboldt-forum\/\" target=\"_blank\" rel=\"noopener noreferrer\">No Humboldt 21!<\/a><\/li>\n<li>&#8220;<a href=\"https:\/\/weddingweiser.de\/2014\/06\/14\/wie-lange-dauert-es-noch-mit-der-dauerkolonie-togo\/\" target=\"_blank\" rel=\"noopener noreferrer\">Dauerkolonie Togo<\/a>&#8221; im Berliner Wedding<\/li>\n<li><a href=\"https:\/\/en.wikipedia.org\/wiki\/Mohrenstra%C3%9Fe_(Berlin_U-Bahn)#\/media\/File:Mohrenstrasse_Berlin_2011_ubt.JPG\" target=\"_blank\" rel=\"noopener noreferrer\">M-Strasse<\/a> in Berlin-Mitte<\/li>\n<\/ul>\n<h3>Kolonialismus, Wei\u00dfsein und Popul\u00e4rkultur<\/h3>\n<ul>\n<li><a href=\"http:\/\/legendsoutfitting.com\/zambia-gallery\/_68\/\" target=\"_blank\" rel=\"noopener noreferrer\">Safari<\/a> &#8211; Kolonialismus, Wei\u00dfsein und hegemoniale M\u00e4nnlichkeit<\/li>\n<li><a href=\"https:\/\/www.google.de\/imgres?imgurl=http%3A%2F%2Fwww.recordsale.de%2Fcdpix%2Fj%2Fj._f._cooper-lederstrumpf_-_der_letzte_mohikaner.jpg&amp;imgrefurl=http%3A%2F%2Fapuvyf.comule.com%2Fletzte-Mohikaner-deutschen.html&amp;docid=yx7DaZSXYqn_SM&amp;tbnid=-vwTJjMlKwHw_M%3A&amp;vet=1&amp;w=1168&amp;h=1204&amp;bih=864&amp;biw=1745&amp;q=der%20letzte%20mohikaner%20buch&amp;ved=0ahUKEwiX1MC67I_SAhWGFCwKHQZ6DQ0QMwgnKAswCw&amp;iact=mrc&amp;uact=8#h=1204&amp;imgrc=-vwTJjMlKwHw_M:&amp;vet=1&amp;w=1168\" target=\"_blank\" rel=\"noopener noreferrer\">&#8220;Der letzte Mohikaner&#8221;<\/a><\/li>\n<li>Tradition des <a href=\"http:\/\/www.spiegel.de\/panorama\/justiz\/zwarte-piet-juristische-niederlage-fuer-gegner-von-nikolaus-helfer-a-1002508.html\" target=\"_blank\" rel=\"noopener noreferrer\">Zwarten Piets<\/a> (Niederlande)<\/li>\n<li>Exotisierung und Rassismus in der Werbung (<a href=\"http:\/\/de.chclt.net\/wp-content\/uploads\/sarotti-edel-halbbitter-v.jpg\" target=\"_blank\" rel=\"noopener noreferrer\">Sarotti<\/a>, <a href=\"http:\/\/www.frauenpolitik.gruene-bw.de\/themen\/frauen-und-sexistischerassistische-werbung.html\" target=\"_blank\" rel=\"noopener noreferrer\">H\u00f6rzu<\/a>, <a href=\"http:\/\/www.freiburg-postkolonial.de\/Seiten\/fotos.htm\" target=\"_blank\" rel=\"noopener noreferrer\">Obi<\/a>, <a href=\"http:\/\/www.glokal.org\/wo-sind-all-die\/\" target=\"_blank\" rel=\"noopener noreferrer\">Kultur macht stark<\/a>)<\/li>\n<li>White Charity, Plakatkampagne von Brot f\u00fcr die Welt <a href=\"http:\/\/pfalz.brot-fuer-die-welt.de\/gemeindebrief-lueckenfueller-bilder\/grafiken-bilder-plakate.html\" target=\"_blank\" rel=\"noopener noreferrer\">&#8220;Weniger ist leer&#8221;<\/a>, zur postkolonialen Kritik an westlicher Spendenwerbung, siehe auch die Doku von Carolin Philipp und Timo Kiesel: <a href=\"https:\/\/www.youtube.com\/watch?v=X6zEfudKS1A\" target=\"_blank\" rel=\"noopener noreferrer\">White-Charity &#8211; Schwarzsein &amp; Wei\u00dfsein auf Spendenplakaten<\/a> (ca. 25 Min.)<\/li>\n<\/ul>\n","protected":false},"excerpt":{"rendered":"<p>Was hat unser Lebensstil mit dem aktuellen Migrationsgeschehen zu tun? Unsere Kleidung, unser Essen, das Handy &#8211; wo kommen sie her, wer produziert sie und welcher Preis wird daf\u00fcr bezahlt? Wir haben ein paar Materialien zusammengestellt, die das beleuchten, was in der teils hitzigen Debatte um Einwanderung meist unthematisiert bleibt: dass die reichen Industrienationen &#8211; seit dem Kolonialismus &#8211; die Ursachen f\u00fcr Flucht und Migration auch selbst schaffen. Es geht uns dabei nicht nur um eine Analyse der Verantwortlichkeiten, sondern auch darum zu fragen, was wir konkret f\u00fcr eine gerechtere Welt tun k\u00f6nnen. Seminarabl\u00e4ufe Hier der Seminarablauf f\u00fcr ein\u00a0Programm am Beispiel des Seminars in Potsdam<a class=\"more-link\" href=\"https:\/\/solarev.org\/be-aware\/en\/2017\/02\/15\/die-kehrseiten-des-wohlstandes\/\">&gt;&gt;&gt; WEITERLESEN<\/a><\/p>\n","protected":false},"author":2,"featured_media":0,"comment_status":"closed","ping_status":"closed","sticky":false,"template":"","format":"standard","meta":{"footnotes":""},"categories":[3],"tags":[],"class_list":{"0":"entry","1":"post","2":"publish","3":"author-solarev","4":"post-223","6":"format-standard","7":"category-materialien"},"aioseo_notices":[],"_links":{"self":[{"href":"https:\/\/solarev.org\/be-aware\/en\/wp-json\/wp\/v2\/posts\/223","targetHints":{"allow":["GET"]}}],"collection":[{"href":"https:\/\/solarev.org\/be-aware\/en\/wp-json\/wp\/v2\/posts"}],"about":[{"href":"https:\/\/solarev.org\/be-aware\/en\/wp-json\/wp\/v2\/types\/post"}],"author":[{"embeddable":true,"href":"https:\/\/solarev.org\/be-aware\/en\/wp-json\/wp\/v2\/users\/2"}],"replies":[{"embeddable":true,"href":"https:\/\/solarev.org\/be-aware\/en\/wp-json\/wp\/v2\/comments?post=223"}],"version-history":[{"count":22,"href":"https:\/\/solarev.org\/be-aware\/en\/wp-json\/wp\/v2\/posts\/223\/revisions"}],"predecessor-version":[{"id":730,"href":"https:\/\/solarev.org\/be-aware\/en\/wp-json\/wp\/v2\/posts\/223\/revisions\/730"}],"wp:attachment":[{"href":"https:\/\/solarev.org\/be-aware\/en\/wp-json\/wp\/v2\/media?parent=223"}],"wp:term":[{"taxonomy":"category","embeddable":true,"href":"https:\/\/solarev.org\/be-aware\/en\/wp-json\/wp\/v2\/categories?post=223"},{"taxonomy":"post_tag","embeddable":true,"href":"https:\/\/solarev.org\/be-aware\/en\/wp-json\/wp\/v2\/tags?post=223"}],"curies":[{"name":"wp","href":"https:\/\/api.w.org\/{rel}","templated":true}]}}